{"id":177,"date":"2016-10-21T08:16:54","date_gmt":"2016-10-21T08:16:54","guid":{"rendered":"https:\/\/suri.templweb.com\/2016\/10\/21\/tunnelbanan-till-nacka-och-s-derort-nominerad-till-fint-internationellt-pris\/"},"modified":"2021-12-03T14:19:55","modified_gmt":"2021-12-03T14:19:55","slug":"tunnelbanan-till-nacka-och-s-derort-nominerad-till-fint-internationellt-pris","status":"publish","type":"post","link":"https:\/\/suri.templweb.com\/en\/tunnelbanan-till-nacka-och-s-derort-nominerad-till-fint-internationellt-pris\/","title":{"rendered":"Tunnelbanan till Nacka nominerad till internationellt pris"},"content":{"rendered":"<address>Landstinget \u00e4r i final i den stora infrastrukturt\u00e4vlingen Be Inspired Awards som avg\u00f6rs i London den 3 november.<\/address>\n<p><span style=\"font-size: 14px;\">Det \u00e4r f\u00f6rvaltning f\u00f6r utbyggd tunnelbana som&nbsp;tillsammans med konsultbolagen Sweco och Typsa \u00e4r en av tre finalister i kategorin \u201dInnovation in Rail and Transit\u201d i 2016 \u00e5rs Be Inspired Awards. T\u00e4vlingen bel\u00f6nar innovation och kunnande i infrastrukturprojekt och det \u00e4r arbetet med det som kallas BIM och 3D-modellering som nominerats.<\/span><\/p>\n<p><span style=\"font-size: 14px;\">&#8211;&nbsp;Det h\u00e4r \u00e4r v\u00e4ldigt roligt, s\u00e4ger Martin Hellgren, projektchef f\u00f6r utbyggnaden till Nacka och s\u00f6derort. Vi ska bygga en modern tunnelbana i en komplicerad milj\u00f6 och f\u00f6r att lyckas beskriva hur det ska g\u00f6ras beh\u00f6ver vi anv\u00e4nda teknik som ligger i framkant. Det k\u00e4nns verkligen motiverande att det arbete vi g\u00f6r tillsammans med v\u00e5ra konsulter redan nu uppm\u00e4rksammats och att vi kommit till final.<\/span><\/p>\n<h5>B\u00e4ttre f\u00f6rst\u00e5else med 3D<\/h5>\n<p><span style=\"font-size: 14px;\">Bim betyder Building Information Modeling och \u00e4r ett s\u00e4tt att se allt man planerar att bygga i 3D. Det \u00e4r en relativt ny metod, som underl\u00e4ttar arbetet. F\u00f6rdelen \u00e4r att det ger en b\u00e4ttre f\u00f6rst\u00e5else f\u00f6r b\u00e5de helheten och sammanhangen, man kan vrida och v\u00e4nda p\u00e5 det man granska.&nbsp;<\/span><\/p>\n<p><span style=\"font-size: 14px;\">I modellen \u00e4r det ocks\u00e5 m\u00f6jligt att g\u00e5 in i enskilda rum och titta runt hur det kommer att se ut n\u00e4r alla installationer \u00e4r p\u00e5 plats. Det g\u00f6r att man kan uppt\u00e4cka konflikter som skulle vara sv\u00e5ra att se p\u00e5 en vanlig pappersritning.<\/span><\/p>\n<h5>En av v\u00e4rldens djupaste stationer<\/h5>\n<p><span style=\"font-size: 14px;\">Utbyggnaden av tunnelbanan fr\u00e5n Kungstr\u00e4dg\u00e5rden till Nacka och s\u00f6derort \u00e4r 11 kilometer tunnel helt i berg. Den kommer att g\u00e5 under Saltsj\u00f6n och station Sofia p\u00e5 S\u00f6dermalm blir en av de djupaste i v\u00e4rlden &#8211; 100 meter under marken.<\/span><br \/><span style=\"font-size: 14px;\">&#8211;&nbsp;Det \u00e4r ett otroligt sp\u00e4nnande projekt att arbeta med och vi \u00e4r v\u00e4ldigt stolta \u00f6ver att vara nominerade som ett av v\u00e4rldens mest innovativa infrastrukturprojekt. Effektiva metoder, integrerat arbetss\u00e4tt och samverkan ser vi som n\u00e5gra av de viktigaste framg\u00e5ngsfaktorerna i den h\u00e4r typen av projekt, s\u00e4ger Johan Dozzi, vd f\u00f6r Sweco Civil.<\/span><\/p>\n<h5>Final om knappt tv\u00e5 veckor<\/h5>\n<p><span style=\"font-size: 14px;\">\u00c4ven de b\u00e5da andra utbyggnadsgrenarna \u2013 tunnelbana till Arenastaden och tunnelbana till Barkarby \u2013 anv\u00e4nder sig av BIM.&nbsp;Be Inspired Awards har delats ut sedan \u00e5r 2004 och bakom priset st\u00e5r mjukvaruleverant\u00f6ren Bentley. Den 3 november avg\u00f6rs t\u00e4vlingen i London.&nbsp;<\/span><\/p>\n<p>&nbsp;<\/p>\n","protected":false},"excerpt":{"rendered":"<p>Landstinget \u00e4r i final i den stora infrastrukturt\u00e4vlingen Be Inspired Awards som avg\u00f6rs i London den 3 november. Det \u00e4r f\u00f6rvaltning f\u00f6r utbyggd tunnelbana som&nbsp;tillsammans med konsultbolagen Sweco och Typsa \u00e4r en av tre finalister i kategorin \u201dInnovation in Rail and Transit\u201d i 2016 \u00e5rs Be Inspired Awards. T\u00e4vlingen bel\u00f6nar innovation och kunnande i infrastrukturprojekt [&hellip;]<\/p>\n","protected":false},"author":8,"featured_media":7481,"comment_status":"closed","ping_status":"open","sticky":false,"template":"templates\/template-press-news.php","format":"standard","meta":{"_acf_changed":false,"inline_featured_image":false,"footnotes":""},"categories":[],"tags":[],"class_list":["post-177","post","type-post","status-publish","format-standard","has-post-thumbnail","hentry"],"acf":[],"yoast_head":"<!-- This site is optimized with the Yoast SEO plugin v22.9 - https:\/\/yoast.com\/wordpress\/plugins\/seo\/ -->\n<title>Tunnelbanan till Nacka nominerad till internationellt pris<\/title>\n<meta name=\"robots\" content=\"noindex, follow, max-snippet:-1, max-image-preview:large, max-video-preview:-1\" \/>\n<meta property=\"og:locale\" content=\"en_US\" \/>\n<meta property=\"og:type\" content=\"article\" \/>\n<meta property=\"og:title\" content=\"Tunnelbanan till Nacka nominerad till internationellt pris\" \/>\n<meta property=\"og:description\" content=\"Landstinget \u00e4r i final i den stora infrastrukturt\u00e4vlingen Be Inspired Awards som avg\u00f6rs i London den 3 november. Det \u00e4r f\u00f6rvaltning f\u00f6r utbyggd tunnelbana som&nbsp;tillsammans med konsultbolagen Sweco och Typsa \u00e4r en av tre finalister i kategorin \u201dInnovation in Rail and Transit\u201d i 2016 \u00e5rs Be Inspired Awards. T\u00e4vlingen bel\u00f6nar innovation och kunnande i infrastrukturprojekt [&hellip;]\" \/>\n<meta property=\"og:url\" content=\"https:\/\/suri.templweb.com\/en\/tunnelbanan-till-nacka-och-s-derort-nominerad-till-fint-internationellt-pris\/\" \/>\n<meta property=\"og:site_name\" content=\"Nya tunnelbanan\" \/>\n<meta property=\"article:publisher\" content=\"https:\/\/www.facebook.com\/nyatunnelbanan\" \/>\n<meta property=\"article:published_time\" content=\"2016-10-21T08:16:54+00:00\" \/>\n<meta property=\"article:modified_time\" content=\"2021-12-03T14:19:55+00:00\" \/>\n<meta property=\"og:image\" content=\"https:\/\/suri.templweb.com\/wp-content\/uploads\/2016\/10\/BeInspiredaward.jpg\" \/>\n\t<meta property=\"og:image:width\" content=\"700\" \/>\n\t<meta property=\"og:image:height\" content=\"467\" \/>\n\t<meta property=\"og:image:type\" content=\"image\/jpeg\" \/>\n<meta name=\"author\" content=\"Emma Sahlman\" \/>\n<meta name=\"twitter:card\" content=\"summary_large_image\" \/>\n<meta name=\"twitter:label1\" content=\"Written by\" \/>\n\t<meta name=\"twitter:data1\" content=\"Emma Sahlman\" \/>\n\t<meta name=\"twitter:label2\" content=\"Est. reading time\" \/>\n\t<meta name=\"twitter:data2\" content=\"2 minutes\" \/>\n<script type=\"application\/ld+json\" class=\"yoast-schema-graph\">{\"@context\":\"https:\/\/schema.org\",\"@graph\":[{\"@type\":\"Article\",\"@id\":\"https:\/\/suri.templweb.com\/en\/tunnelbanan-till-nacka-och-s-derort-nominerad-till-fint-internationellt-pris\/#article\",\"isPartOf\":{\"@id\":\"https:\/\/suri.templweb.com\/en\/tunnelbanan-till-nacka-och-s-derort-nominerad-till-fint-internationellt-pris\/\"},\"author\":{\"name\":\"Emma Sahlman\",\"@id\":\"https:\/\/suri.templweb.com\/en\/#\/schema\/person\/b97b60e735229c012dd2b226be35f5f1\"},\"headline\":\"Tunnelbanan till Nacka nominerad till internationellt pris\",\"datePublished\":\"2016-10-21T08:16:54+00:00\",\"dateModified\":\"2021-12-03T14:19:55+00:00\",\"mainEntityOfPage\":{\"@id\":\"https:\/\/suri.templweb.com\/en\/tunnelbanan-till-nacka-och-s-derort-nominerad-till-fint-internationellt-pris\/\"},\"wordCount\":438,\"publisher\":{\"@id\":\"https:\/\/suri.templweb.com\/en\/#organization\"},\"image\":{\"@id\":\"https:\/\/suri.templweb.com\/en\/tunnelbanan-till-nacka-och-s-derort-nominerad-till-fint-internationellt-pris\/#primaryimage\"},\"thumbnailUrl\":\"https:\/\/suri.templweb.com\/wp-content\/uploads\/2016\/10\/BeInspiredaward.jpg\",\"inLanguage\":\"en-US\"},{\"@type\":\"WebPage\",\"@id\":\"https:\/\/suri.templweb.com\/en\/tunnelbanan-till-nacka-och-s-derort-nominerad-till-fint-internationellt-pris\/\",\"url\":\"https:\/\/suri.templweb.com\/en\/tunnelbanan-till-nacka-och-s-derort-nominerad-till-fint-internationellt-pris\/\",\"name\":\"Tunnelbanan till Nacka nominerad till internationellt pris\",\"isPartOf\":{\"@id\":\"https:\/\/suri.templweb.com\/en\/#website\"},\"primaryImageOfPage\":{\"@id\":\"https:\/\/suri.templweb.com\/en\/tunnelbanan-till-nacka-och-s-derort-nominerad-till-fint-internationellt-pris\/#primaryimage\"},\"image\":{\"@id\":\"https:\/\/suri.templweb.com\/en\/tunnelbanan-till-nacka-och-s-derort-nominerad-till-fint-internationellt-pris\/#primaryimage\"},\"thumbnailUrl\":\"https:\/\/suri.templweb.com\/wp-content\/uploads\/2016\/10\/BeInspiredaward.jpg\",\"datePublished\":\"2016-10-21T08:16:54+00:00\",\"dateModified\":\"2021-12-03T14:19:55+00:00\",\"breadcrumb\":{\"@id\":\"https:\/\/suri.templweb.com\/en\/tunnelbanan-till-nacka-och-s-derort-nominerad-till-fint-internationellt-pris\/#breadcrumb\"},\"inLanguage\":\"en-US\",\"potentialAction\":[{\"@type\":\"ReadAction\",\"target\":[\"https:\/\/suri.templweb.com\/en\/tunnelbanan-till-nacka-och-s-derort-nominerad-till-fint-internationellt-pris\/\"]}]},{\"@type\":\"ImageObject\",\"inLanguage\":\"en-US\",\"@id\":\"https:\/\/suri.templweb.com\/en\/tunnelbanan-till-nacka-och-s-derort-nominerad-till-fint-internationellt-pris\/#primaryimage\",\"url\":\"https:\/\/suri.templweb.com\/wp-content\/uploads\/2016\/10\/BeInspiredaward.jpg\",\"contentUrl\":\"https:\/\/suri.templweb.com\/wp-content\/uploads\/2016\/10\/BeInspiredaward.jpg\",\"width\":700,\"height\":467},{\"@type\":\"BreadcrumbList\",\"@id\":\"https:\/\/suri.templweb.com\/en\/tunnelbanan-till-nacka-och-s-derort-nominerad-till-fint-internationellt-pris\/#breadcrumb\",\"itemListElement\":[{\"@type\":\"ListItem\",\"position\":1,\"name\":\"Home\",\"item\":\"https:\/\/suri.templweb.com\/en\/\"},{\"@type\":\"ListItem\",\"position\":2,\"name\":\"Tunnelbanan till Nacka nominerad till internationellt pris\"}]},{\"@type\":\"WebSite\",\"@id\":\"https:\/\/suri.templweb.com\/en\/#website\",\"url\":\"https:\/\/suri.templweb.com\/en\/\",\"name\":\"Nya tunnelbanan\",\"description\":\"\",\"publisher\":{\"@id\":\"https:\/\/suri.templweb.com\/en\/#organization\"},\"potentialAction\":[{\"@type\":\"SearchAction\",\"target\":{\"@type\":\"EntryPoint\",\"urlTemplate\":\"https:\/\/suri.templweb.com\/en\/?s={search_term_string}\"},\"query-input\":\"required name=search_term_string\"}],\"inLanguage\":\"en-US\"},{\"@type\":\"Organization\",\"@id\":\"https:\/\/suri.templweb.com\/en\/#organization\",\"name\":\"Nya tunnelbanan\",\"url\":\"https:\/\/suri.templweb.com\/en\/\",\"logo\":{\"@type\":\"ImageObject\",\"inLanguage\":\"en-US\",\"@id\":\"https:\/\/suri.templweb.com\/en\/#\/schema\/logo\/image\/\",\"url\":\"https:\/\/suri.templweb.com\/wp-content\/uploads\/2023\/08\/sll-logo.svg\",\"contentUrl\":\"https:\/\/suri.templweb.com\/wp-content\/uploads\/2023\/08\/sll-logo.svg\",\"width\":300,\"height\":53,\"caption\":\"Nya tunnelbanan\"},\"image\":{\"@id\":\"https:\/\/suri.templweb.com\/en\/#\/schema\/logo\/image\/\"},\"sameAs\":[\"https:\/\/www.facebook.com\/nyatunnelbanan\"]},{\"@type\":\"Person\",\"@id\":\"https:\/\/suri.templweb.com\/en\/#\/schema\/person\/b97b60e735229c012dd2b226be35f5f1\",\"name\":\"Emma Sahlman\",\"image\":{\"@type\":\"ImageObject\",\"inLanguage\":\"en-US\",\"@id\":\"https:\/\/suri.templweb.com\/en\/#\/schema\/person\/image\/\",\"url\":\"https:\/\/secure.gravatar.com\/avatar\/b0b7212ba396d1633cc4a96659db7332?s=96&d=mm&r=g\",\"contentUrl\":\"https:\/\/secure.gravatar.com\/avatar\/b0b7212ba396d1633cc4a96659db7332?s=96&d=mm&r=g\",\"caption\":\"Emma Sahlman\"},\"url\":\"https:\/\/suri.templweb.com\/en\/author\/emma-sahlman\/\"}]}<\/script>\n<!-- \/ Yoast SEO plugin. -->","yoast_head_json":{"title":"Tunnelbanan till Nacka nominerad till internationellt pris","robots":{"index":"noindex","follow":"follow","max-snippet":"max-snippet:-1","max-image-preview":"max-image-preview:large","max-video-preview":"max-video-preview:-1"},"og_locale":"en_US","og_type":"article","og_title":"Tunnelbanan till Nacka nominerad till internationellt pris","og_description":"Landstinget \u00e4r i final i den stora infrastrukturt\u00e4vlingen Be Inspired Awards som avg\u00f6rs i London den 3 november. Det \u00e4r f\u00f6rvaltning f\u00f6r utbyggd tunnelbana som&nbsp;tillsammans med konsultbolagen Sweco och Typsa \u00e4r en av tre finalister i kategorin \u201dInnovation in Rail and Transit\u201d i 2016 \u00e5rs Be Inspired Awards. T\u00e4vlingen bel\u00f6nar innovation och kunnande i infrastrukturprojekt [&hellip;]","og_url":"https:\/\/suri.templweb.com\/en\/tunnelbanan-till-nacka-och-s-derort-nominerad-till-fint-internationellt-pris\/","og_site_name":"Nya tunnelbanan","article_publisher":"https:\/\/www.facebook.com\/nyatunnelbanan","article_published_time":"2016-10-21T08:16:54+00:00","article_modified_time":"2021-12-03T14:19:55+00:00","og_image":[{"width":700,"height":467,"url":"https:\/\/suri.templweb.com\/wp-content\/uploads\/2016\/10\/BeInspiredaward.jpg","type":"image\/jpeg"}],"author":"Emma Sahlman","twitter_card":"summary_large_image","twitter_misc":{"Written by":"Emma Sahlman","Est. reading time":"2 minutes"},"schema":{"@context":"https:\/\/schema.org","@graph":[{"@type":"Article","@id":"https:\/\/suri.templweb.com\/en\/tunnelbanan-till-nacka-och-s-derort-nominerad-till-fint-internationellt-pris\/#article","isPartOf":{"@id":"https:\/\/suri.templweb.com\/en\/tunnelbanan-till-nacka-och-s-derort-nominerad-till-fint-internationellt-pris\/"},"author":{"name":"Emma Sahlman","@id":"https:\/\/suri.templweb.com\/en\/#\/schema\/person\/b97b60e735229c012dd2b226be35f5f1"},"headline":"Tunnelbanan till Nacka nominerad till internationellt pris","datePublished":"2016-10-21T08:16:54+00:00","dateModified":"2021-12-03T14:19:55+00:00","mainEntityOfPage":{"@id":"https:\/\/suri.templweb.com\/en\/tunnelbanan-till-nacka-och-s-derort-nominerad-till-fint-internationellt-pris\/"},"wordCount":438,"publisher":{"@id":"https:\/\/suri.templweb.com\/en\/#organization"},"image":{"@id":"https:\/\/suri.templweb.com\/en\/tunnelbanan-till-nacka-och-s-derort-nominerad-till-fint-internationellt-pris\/#primaryimage"},"thumbnailUrl":"https:\/\/suri.templweb.com\/wp-content\/uploads\/2016\/10\/BeInspiredaward.jpg","inLanguage":"en-US"},{"@type":"WebPage","@id":"https:\/\/suri.templweb.com\/en\/tunnelbanan-till-nacka-och-s-derort-nominerad-till-fint-internationellt-pris\/","url":"https:\/\/suri.templweb.com\/en\/tunnelbanan-till-nacka-och-s-derort-nominerad-till-fint-internationellt-pris\/","name":"Tunnelbanan till Nacka nominerad till internationellt pris","isPartOf":{"@id":"https:\/\/suri.templweb.com\/en\/#website"},"primaryImageOfPage":{"@id":"https:\/\/suri.templweb.com\/en\/tunnelbanan-till-nacka-och-s-derort-nominerad-till-fint-internationellt-pris\/#primaryimage"},"image":{"@id":"https:\/\/suri.templweb.com\/en\/tunnelbanan-till-nacka-och-s-derort-nominerad-till-fint-internationellt-pris\/#primaryimage"},"thumbnailUrl":"https:\/\/suri.templweb.com\/wp-content\/uploads\/2016\/10\/BeInspiredaward.jpg","datePublished":"2016-10-21T08:16:54+00:00","dateModified":"2021-12-03T14:19:55+00:00","breadcrumb":{"@id":"https:\/\/suri.templweb.com\/en\/tunnelbanan-till-nacka-och-s-derort-nominerad-till-fint-internationellt-pris\/#breadcrumb"},"inLanguage":"en-US","potentialAction":[{"@type":"ReadAction","target":["https:\/\/suri.templweb.com\/en\/tunnelbanan-till-nacka-och-s-derort-nominerad-till-fint-internationellt-pris\/"]}]},{"@type":"ImageObject","inLanguage":"en-US","@id":"https:\/\/suri.templweb.com\/en\/tunnelbanan-till-nacka-och-s-derort-nominerad-till-fint-internationellt-pris\/#primaryimage","url":"https:\/\/suri.templweb.com\/wp-content\/uploads\/2016\/10\/BeInspiredaward.jpg","contentUrl":"https:\/\/suri.templweb.com\/wp-content\/uploads\/2016\/10\/BeInspiredaward.jpg","width":700,"height":467},{"@type":"BreadcrumbList","@id":"https:\/\/suri.templweb.com\/en\/tunnelbanan-till-nacka-och-s-derort-nominerad-till-fint-internationellt-pris\/#breadcrumb","itemListElement":[{"@type":"ListItem","position":1,"name":"Home","item":"https:\/\/suri.templweb.com\/en\/"},{"@type":"ListItem","position":2,"name":"Tunnelbanan till Nacka nominerad till internationellt pris"}]},{"@type":"WebSite","@id":"https:\/\/suri.templweb.com\/en\/#website","url":"https:\/\/suri.templweb.com\/en\/","name":"Nya tunnelbanan","description":"","publisher":{"@id":"https:\/\/suri.templweb.com\/en\/#organization"},"potentialAction":[{"@type":"SearchAction","target":{"@type":"EntryPoint","urlTemplate":"https:\/\/suri.templweb.com\/en\/?s={search_term_string}"},"query-input":"required name=search_term_string"}],"inLanguage":"en-US"},{"@type":"Organization","@id":"https:\/\/suri.templweb.com\/en\/#organization","name":"Nya tunnelbanan","url":"https:\/\/suri.templweb.com\/en\/","logo":{"@type":"ImageObject","inLanguage":"en-US","@id":"https:\/\/suri.templweb.com\/en\/#\/schema\/logo\/image\/","url":"https:\/\/suri.templweb.com\/wp-content\/uploads\/2023\/08\/sll-logo.svg","contentUrl":"https:\/\/suri.templweb.com\/wp-content\/uploads\/2023\/08\/sll-logo.svg","width":300,"height":53,"caption":"Nya tunnelbanan"},"image":{"@id":"https:\/\/suri.templweb.com\/en\/#\/schema\/logo\/image\/"},"sameAs":["https:\/\/www.facebook.com\/nyatunnelbanan"]},{"@type":"Person","@id":"https:\/\/suri.templweb.com\/en\/#\/schema\/person\/b97b60e735229c012dd2b226be35f5f1","name":"Emma Sahlman","image":{"@type":"ImageObject","inLanguage":"en-US","@id":"https:\/\/suri.templweb.com\/en\/#\/schema\/person\/image\/","url":"https:\/\/secure.gravatar.com\/avatar\/b0b7212ba396d1633cc4a96659db7332?s=96&d=mm&r=g","contentUrl":"https:\/\/secure.gravatar.com\/avatar\/b0b7212ba396d1633cc4a96659db7332?s=96&d=mm&r=g","caption":"Emma Sahlman"},"url":"https:\/\/suri.templweb.com\/en\/author\/emma-sahlman\/"}]}},"_links":{"self":[{"href":"https:\/\/suri.templweb.com\/en\/wp-json\/wp\/v2\/posts\/177"}],"collection":[{"href":"https:\/\/suri.templweb.com\/en\/wp-json\/wp\/v2\/posts"}],"about":[{"href":"https:\/\/suri.templweb.com\/en\/wp-json\/wp\/v2\/types\/post"}],"author":[{"embeddable":true,"href":"https:\/\/suri.templweb.com\/en\/wp-json\/wp\/v2\/users\/8"}],"replies":[{"embeddable":true,"href":"https:\/\/suri.templweb.com\/en\/wp-json\/wp\/v2\/comments?post=177"}],"version-history":[{"count":1,"href":"https:\/\/suri.templweb.com\/en\/wp-json\/wp\/v2\/posts\/177\/revisions"}],"predecessor-version":[{"id":13267,"href":"https:\/\/suri.templweb.com\/en\/wp-json\/wp\/v2\/posts\/177\/revisions\/13267"}],"wp:featuredmedia":[{"embeddable":true,"href":"https:\/\/suri.templweb.com\/en\/wp-json\/wp\/v2\/media\/7481"}],"wp:attachment":[{"href":"https:\/\/suri.templweb.com\/en\/wp-json\/wp\/v2\/media?parent=177"}],"wp:term":[{"taxonomy":"category","embeddable":true,"href":"https:\/\/suri.templweb.com\/en\/wp-json\/wp\/v2\/categories?post=177"},{"taxonomy":"post_tag","embeddable":true,"href":"https:\/\/suri.templweb.com\/en\/wp-json\/wp\/v2\/tags?post=177"}],"curies":[{"name":"wp","href":"https:\/\/api.w.org\/{rel}","templated":true}]}}