{"id":30575,"date":"2025-03-21T09:08:08","date_gmt":"2025-03-21T08:08:08","guid":{"rendered":"https:\/\/suri.templweb.com\/?p=30575"},"modified":"2025-03-21T09:08:10","modified_gmt":"2025-03-21T08:08:10","slug":"yes-to-platform-screen-doors-on-the-yellow-line","status":"publish","type":"post","link":"https:\/\/suri.templweb.com\/en\/news\/yes-to-platform-screen-doors-on-the-yellow-line\/","title":{"rendered":"Yes to platform screen doors on the Yellow Line"},"content":{"rendered":"\n<p>What will be most noticeable for future travellers is that the Yellow Line will have glass doors on the platform that only open when the train has entered the station.<\/p>\n\n\n\n<p>The decision also includes other important investments: a new traffic management system, automatic operation, and ballastless track. With these investments, the budget for the expansion increases by approximately one billion SEK.<\/p>\n\n\n\n<p>&#8220;These are investments that Region Stockholm is funding entirely on their own \u2013 because they pay off in the long run,&#8221; says Niklas Bergman, head of administration for the new subway.<br><br>Ballastless track means that the tracks are cast in place and no ballast \u2013 i.e., crushed rock \u2013 is needed. The new traffic management system is necessary for the line to be operated with self-driving trains \u2013 automatic operation \u2013 and can be used if decisions are made for further subway expansions.<\/p>\n\n\n\n<p>Region Stockholm will see a return on their investment within 10\u201320 years, due to reduced operating costs.<\/p>\n\n\n\n<p>With Tuesday&#8217;s decision, the implementation phase for depot, vehicles, and traffic management system for the Yellow Line begins.<\/p>\n\n\n\n<p>Following the decision by the traffic committee, the regional council will also make a decision to include this in the region&#8217;s 2026 budget. The total budget for the subway expansion will increase from 54 billion kronor to 55 billion kronor, at 2016 monetary value.<\/p>\n","protected":false},"excerpt":{"rendered":"<p>On Tuesday, March 18, the Region Stockholm&#8217;s traffic committee decided that the subway between Fridhemsplan and \u00c4lvsj\u00f6 will receive a new traffic management system, automatic operation, ballastless track \u2013 and platform screen doors.<\/p>\n","protected":false},"author":3,"featured_media":30528,"comment_status":"closed","ping_status":"closed","sticky":false,"template":"templates\/template-press-news.php","format":"standard","meta":{"_acf_changed":false,"inline_featured_image":false,"footnotes":""},"categories":[87,161],"tags":[],"class_list":["post-30575","post","type-post","status-publish","format-standard","has-post-thumbnail","hentry","category-news","category-procurement"],"acf":[],"yoast_head":"<!-- This site is optimized with the Yoast SEO plugin v22.9 - https:\/\/yoast.com\/wordpress\/plugins\/seo\/ -->\n<title>Yes to platform screen doors on the Yellow Line<\/title>\n<meta name=\"robots\" content=\"noindex, follow, max-snippet:-1, max-image-preview:large, max-video-preview:-1\" \/>\n<meta property=\"og:locale\" content=\"en_US\" \/>\n<meta property=\"og:type\" content=\"article\" \/>\n<meta property=\"og:title\" content=\"Yes to platform screen doors on the Yellow Line\" \/>\n<meta property=\"og:description\" content=\"On Tuesday, March 18, the Region Stockholm&#039;s traffic committee decided that the subway between Fridhemsplan and \u00c4lvsj\u00f6 will receive a new traffic management system, automatic operation, ballastless track \u2013 and platform screen doors.\" \/>\n<meta property=\"og:url\" content=\"https:\/\/suri.templweb.com\/en\/news\/yes-to-platform-screen-doors-on-the-yellow-line\/\" \/>\n<meta property=\"og:site_name\" content=\"Nya tunnelbanan\" \/>\n<meta property=\"article:publisher\" content=\"https:\/\/www.facebook.com\/nyatunnelbanan\" \/>\n<meta property=\"article:published_time\" content=\"2025-03-21T08:08:08+00:00\" \/>\n<meta property=\"article:modified_time\" content=\"2025-03-21T08:08:10+00:00\" \/>\n<meta property=\"og:image\" content=\"https:\/\/suri.templweb.com\/wp-content\/uploads\/2025\/03\/trafiknamnden_ja_externt.png\" \/>\n\t<meta property=\"og:image:width\" content=\"690\" \/>\n\t<meta property=\"og:image:height\" content=\"474\" \/>\n\t<meta property=\"og:image:type\" content=\"image\/png\" \/>\n<meta name=\"author\" content=\"Henrik Engstr\u00f6m\" \/>\n<meta name=\"twitter:card\" content=\"summary_large_image\" \/>\n<meta name=\"twitter:label1\" content=\"Written by\" \/>\n\t<meta name=\"twitter:data1\" content=\"Henrik Engstr\u00f6m\" \/>\n\t<meta name=\"twitter:label2\" content=\"Est. reading time\" \/>\n\t<meta name=\"twitter:data2\" content=\"2 minutes\" \/>\n<script type=\"application\/ld+json\" class=\"yoast-schema-graph\">{\"@context\":\"https:\/\/schema.org\",\"@graph\":[{\"@type\":\"Article\",\"@id\":\"https:\/\/suri.templweb.com\/en\/news\/yes-to-platform-screen-doors-on-the-yellow-line\/#article\",\"isPartOf\":{\"@id\":\"https:\/\/suri.templweb.com\/en\/news\/yes-to-platform-screen-doors-on-the-yellow-line\/\"},\"author\":{\"name\":\"Henrik Engstr\u00f6m\",\"@id\":\"https:\/\/suri.templweb.com\/en\/#\/schema\/person\/8b7338a4361f94b05423c4aeff49a06e\"},\"headline\":\"Yes to platform screen doors on the Yellow Line\",\"datePublished\":\"2025-03-21T08:08:08+00:00\",\"dateModified\":\"2025-03-21T08:08:10+00:00\",\"mainEntityOfPage\":{\"@id\":\"https:\/\/suri.templweb.com\/en\/news\/yes-to-platform-screen-doors-on-the-yellow-line\/\"},\"wordCount\":225,\"publisher\":{\"@id\":\"https:\/\/suri.templweb.com\/en\/#organization\"},\"image\":{\"@id\":\"https:\/\/suri.templweb.com\/en\/news\/yes-to-platform-screen-doors-on-the-yellow-line\/#primaryimage\"},\"thumbnailUrl\":\"https:\/\/suri.templweb.com\/wp-content\/uploads\/2025\/03\/trafiknamnden_ja_externt.png\",\"articleSection\":[\"News\",\"procurement\"],\"inLanguage\":\"en-US\"},{\"@type\":\"WebPage\",\"@id\":\"https:\/\/suri.templweb.com\/en\/news\/yes-to-platform-screen-doors-on-the-yellow-line\/\",\"url\":\"https:\/\/suri.templweb.com\/en\/news\/yes-to-platform-screen-doors-on-the-yellow-line\/\",\"name\":\"Yes to platform screen doors on the Yellow Line\",\"isPartOf\":{\"@id\":\"https:\/\/suri.templweb.com\/en\/#website\"},\"primaryImageOfPage\":{\"@id\":\"https:\/\/suri.templweb.com\/en\/news\/yes-to-platform-screen-doors-on-the-yellow-line\/#primaryimage\"},\"image\":{\"@id\":\"https:\/\/suri.templweb.com\/en\/news\/yes-to-platform-screen-doors-on-the-yellow-line\/#primaryimage\"},\"thumbnailUrl\":\"https:\/\/suri.templweb.com\/wp-content\/uploads\/2025\/03\/trafiknamnden_ja_externt.png\",\"datePublished\":\"2025-03-21T08:08:08+00:00\",\"dateModified\":\"2025-03-21T08:08:10+00:00\",\"breadcrumb\":{\"@id\":\"https:\/\/suri.templweb.com\/en\/news\/yes-to-platform-screen-doors-on-the-yellow-line\/#breadcrumb\"},\"inLanguage\":\"en-US\",\"potentialAction\":[{\"@type\":\"ReadAction\",\"target\":[\"https:\/\/suri.templweb.com\/en\/news\/yes-to-platform-screen-doors-on-the-yellow-line\/\"]}]},{\"@type\":\"ImageObject\",\"inLanguage\":\"en-US\",\"@id\":\"https:\/\/suri.templweb.com\/en\/news\/yes-to-platform-screen-doors-on-the-yellow-line\/#primaryimage\",\"url\":\"https:\/\/suri.templweb.com\/wp-content\/uploads\/2025\/03\/trafiknamnden_ja_externt.png\",\"contentUrl\":\"https:\/\/suri.templweb.com\/wp-content\/uploads\/2025\/03\/trafiknamnden_ja_externt.png\",\"width\":690,\"height\":474,\"caption\":\"karta \u00f6ver gul linje och bild p\u00e5 kvinna som \u00e4r p\u00e5 v\u00e4g ombord p\u00e5 pendelt\u00e5g fr\u00e5n en plattform med d\u00f6rrar.\"},{\"@type\":\"BreadcrumbList\",\"@id\":\"https:\/\/suri.templweb.com\/en\/news\/yes-to-platform-screen-doors-on-the-yellow-line\/#breadcrumb\",\"itemListElement\":[{\"@type\":\"ListItem\",\"position\":1,\"name\":\"Home\",\"item\":\"https:\/\/suri.templweb.com\/en\/\"},{\"@type\":\"ListItem\",\"position\":2,\"name\":\"Yes to platform screen doors on the Yellow Line\"}]},{\"@type\":\"WebSite\",\"@id\":\"https:\/\/suri.templweb.com\/en\/#website\",\"url\":\"https:\/\/suri.templweb.com\/en\/\",\"name\":\"Nya tunnelbanan\",\"description\":\"\",\"publisher\":{\"@id\":\"https:\/\/suri.templweb.com\/en\/#organization\"},\"potentialAction\":[{\"@type\":\"SearchAction\",\"target\":{\"@type\":\"EntryPoint\",\"urlTemplate\":\"https:\/\/suri.templweb.com\/en\/?s={search_term_string}\"},\"query-input\":\"required name=search_term_string\"}],\"inLanguage\":\"en-US\"},{\"@type\":\"Organization\",\"@id\":\"https:\/\/suri.templweb.com\/en\/#organization\",\"name\":\"Nya tunnelbanan\",\"url\":\"https:\/\/suri.templweb.com\/en\/\",\"logo\":{\"@type\":\"ImageObject\",\"inLanguage\":\"en-US\",\"@id\":\"https:\/\/suri.templweb.com\/en\/#\/schema\/logo\/image\/\",\"url\":\"https:\/\/suri.templweb.com\/wp-content\/uploads\/2023\/08\/sll-logo.svg\",\"contentUrl\":\"https:\/\/suri.templweb.com\/wp-content\/uploads\/2023\/08\/sll-logo.svg\",\"width\":300,\"height\":53,\"caption\":\"Nya tunnelbanan\"},\"image\":{\"@id\":\"https:\/\/suri.templweb.com\/en\/#\/schema\/logo\/image\/\"},\"sameAs\":[\"https:\/\/www.facebook.com\/nyatunnelbanan\"]},{\"@type\":\"Person\",\"@id\":\"https:\/\/suri.templweb.com\/en\/#\/schema\/person\/8b7338a4361f94b05423c4aeff49a06e\",\"name\":\"Henrik Engstr\u00f6m\",\"image\":{\"@type\":\"ImageObject\",\"inLanguage\":\"en-US\",\"@id\":\"https:\/\/suri.templweb.com\/en\/#\/schema\/person\/image\/\",\"url\":\"https:\/\/secure.gravatar.com\/avatar\/36fd01059aba2728026460c28973c898?s=96&d=mm&r=g\",\"contentUrl\":\"https:\/\/secure.gravatar.com\/avatar\/36fd01059aba2728026460c28973c898?s=96&d=mm&r=g\",\"caption\":\"Henrik Engstr\u00f6m\"},\"url\":\"https:\/\/suri.templweb.com\/en\/author\/henrik-engstrom\/\"}]}<\/script>\n<!-- \/ Yoast SEO plugin. -->","yoast_head_json":{"title":"Yes to platform screen doors on the Yellow Line","robots":{"index":"noindex","follow":"follow","max-snippet":"max-snippet:-1","max-image-preview":"max-image-preview:large","max-video-preview":"max-video-preview:-1"},"og_locale":"en_US","og_type":"article","og_title":"Yes to platform screen doors on the Yellow Line","og_description":"On Tuesday, March 18, the Region Stockholm's traffic committee decided that the subway between Fridhemsplan and \u00c4lvsj\u00f6 will receive a new traffic management system, automatic operation, ballastless track \u2013 and platform screen doors.","og_url":"https:\/\/suri.templweb.com\/en\/news\/yes-to-platform-screen-doors-on-the-yellow-line\/","og_site_name":"Nya tunnelbanan","article_publisher":"https:\/\/www.facebook.com\/nyatunnelbanan","article_published_time":"2025-03-21T08:08:08+00:00","article_modified_time":"2025-03-21T08:08:10+00:00","og_image":[{"width":690,"height":474,"url":"https:\/\/suri.templweb.com\/wp-content\/uploads\/2025\/03\/trafiknamnden_ja_externt.png","type":"image\/png"}],"author":"Henrik Engstr\u00f6m","twitter_card":"summary_large_image","twitter_misc":{"Written by":"Henrik Engstr\u00f6m","Est. reading time":"2 minutes"},"schema":{"@context":"https:\/\/schema.org","@graph":[{"@type":"Article","@id":"https:\/\/suri.templweb.com\/en\/news\/yes-to-platform-screen-doors-on-the-yellow-line\/#article","isPartOf":{"@id":"https:\/\/suri.templweb.com\/en\/news\/yes-to-platform-screen-doors-on-the-yellow-line\/"},"author":{"name":"Henrik Engstr\u00f6m","@id":"https:\/\/suri.templweb.com\/en\/#\/schema\/person\/8b7338a4361f94b05423c4aeff49a06e"},"headline":"Yes to platform screen doors on the Yellow Line","datePublished":"2025-03-21T08:08:08+00:00","dateModified":"2025-03-21T08:08:10+00:00","mainEntityOfPage":{"@id":"https:\/\/suri.templweb.com\/en\/news\/yes-to-platform-screen-doors-on-the-yellow-line\/"},"wordCount":225,"publisher":{"@id":"https:\/\/suri.templweb.com\/en\/#organization"},"image":{"@id":"https:\/\/suri.templweb.com\/en\/news\/yes-to-platform-screen-doors-on-the-yellow-line\/#primaryimage"},"thumbnailUrl":"https:\/\/suri.templweb.com\/wp-content\/uploads\/2025\/03\/trafiknamnden_ja_externt.png","articleSection":["News","procurement"],"inLanguage":"en-US"},{"@type":"WebPage","@id":"https:\/\/suri.templweb.com\/en\/news\/yes-to-platform-screen-doors-on-the-yellow-line\/","url":"https:\/\/suri.templweb.com\/en\/news\/yes-to-platform-screen-doors-on-the-yellow-line\/","name":"Yes to platform screen doors on the Yellow Line","isPartOf":{"@id":"https:\/\/suri.templweb.com\/en\/#website"},"primaryImageOfPage":{"@id":"https:\/\/suri.templweb.com\/en\/news\/yes-to-platform-screen-doors-on-the-yellow-line\/#primaryimage"},"image":{"@id":"https:\/\/suri.templweb.com\/en\/news\/yes-to-platform-screen-doors-on-the-yellow-line\/#primaryimage"},"thumbnailUrl":"https:\/\/suri.templweb.com\/wp-content\/uploads\/2025\/03\/trafiknamnden_ja_externt.png","datePublished":"2025-03-21T08:08:08+00:00","dateModified":"2025-03-21T08:08:10+00:00","breadcrumb":{"@id":"https:\/\/suri.templweb.com\/en\/news\/yes-to-platform-screen-doors-on-the-yellow-line\/#breadcrumb"},"inLanguage":"en-US","potentialAction":[{"@type":"ReadAction","target":["https:\/\/suri.templweb.com\/en\/news\/yes-to-platform-screen-doors-on-the-yellow-line\/"]}]},{"@type":"ImageObject","inLanguage":"en-US","@id":"https:\/\/suri.templweb.com\/en\/news\/yes-to-platform-screen-doors-on-the-yellow-line\/#primaryimage","url":"https:\/\/suri.templweb.com\/wp-content\/uploads\/2025\/03\/trafiknamnden_ja_externt.png","contentUrl":"https:\/\/suri.templweb.com\/wp-content\/uploads\/2025\/03\/trafiknamnden_ja_externt.png","width":690,"height":474,"caption":"karta \u00f6ver gul linje och bild p\u00e5 kvinna som \u00e4r p\u00e5 v\u00e4g ombord p\u00e5 pendelt\u00e5g fr\u00e5n en plattform med d\u00f6rrar."},{"@type":"BreadcrumbList","@id":"https:\/\/suri.templweb.com\/en\/news\/yes-to-platform-screen-doors-on-the-yellow-line\/#breadcrumb","itemListElement":[{"@type":"ListItem","position":1,"name":"Home","item":"https:\/\/suri.templweb.com\/en\/"},{"@type":"ListItem","position":2,"name":"Yes to platform screen doors on the Yellow Line"}]},{"@type":"WebSite","@id":"https:\/\/suri.templweb.com\/en\/#website","url":"https:\/\/suri.templweb.com\/en\/","name":"Nya tunnelbanan","description":"","publisher":{"@id":"https:\/\/suri.templweb.com\/en\/#organization"},"potentialAction":[{"@type":"SearchAction","target":{"@type":"EntryPoint","urlTemplate":"https:\/\/suri.templweb.com\/en\/?s={search_term_string}"},"query-input":"required name=search_term_string"}],"inLanguage":"en-US"},{"@type":"Organization","@id":"https:\/\/suri.templweb.com\/en\/#organization","name":"Nya tunnelbanan","url":"https:\/\/suri.templweb.com\/en\/","logo":{"@type":"ImageObject","inLanguage":"en-US","@id":"https:\/\/suri.templweb.com\/en\/#\/schema\/logo\/image\/","url":"https:\/\/suri.templweb.com\/wp-content\/uploads\/2023\/08\/sll-logo.svg","contentUrl":"https:\/\/suri.templweb.com\/wp-content\/uploads\/2023\/08\/sll-logo.svg","width":300,"height":53,"caption":"Nya tunnelbanan"},"image":{"@id":"https:\/\/suri.templweb.com\/en\/#\/schema\/logo\/image\/"},"sameAs":["https:\/\/www.facebook.com\/nyatunnelbanan"]},{"@type":"Person","@id":"https:\/\/suri.templweb.com\/en\/#\/schema\/person\/8b7338a4361f94b05423c4aeff49a06e","name":"Henrik Engstr\u00f6m","image":{"@type":"ImageObject","inLanguage":"en-US","@id":"https:\/\/suri.templweb.com\/en\/#\/schema\/person\/image\/","url":"https:\/\/secure.gravatar.com\/avatar\/36fd01059aba2728026460c28973c898?s=96&d=mm&r=g","contentUrl":"https:\/\/secure.gravatar.com\/avatar\/36fd01059aba2728026460c28973c898?s=96&d=mm&r=g","caption":"Henrik Engstr\u00f6m"},"url":"https:\/\/suri.templweb.com\/en\/author\/henrik-engstrom\/"}]}},"_links":{"self":[{"href":"https:\/\/suri.templweb.com\/en\/wp-json\/wp\/v2\/posts\/30575"}],"collection":[{"href":"https:\/\/suri.templweb.com\/en\/wp-json\/wp\/v2\/posts"}],"about":[{"href":"https:\/\/suri.templweb.com\/en\/wp-json\/wp\/v2\/types\/post"}],"author":[{"embeddable":true,"href":"https:\/\/suri.templweb.com\/en\/wp-json\/wp\/v2\/users\/3"}],"replies":[{"embeddable":true,"href":"https:\/\/suri.templweb.com\/en\/wp-json\/wp\/v2\/comments?post=30575"}],"version-history":[{"count":1,"href":"https:\/\/suri.templweb.com\/en\/wp-json\/wp\/v2\/posts\/30575\/revisions"}],"predecessor-version":[{"id":30576,"href":"https:\/\/suri.templweb.com\/en\/wp-json\/wp\/v2\/posts\/30575\/revisions\/30576"}],"wp:featuredmedia":[{"embeddable":true,"href":"https:\/\/suri.templweb.com\/en\/wp-json\/wp\/v2\/media\/30528"}],"wp:attachment":[{"href":"https:\/\/suri.templweb.com\/en\/wp-json\/wp\/v2\/media?parent=30575"}],"wp:term":[{"taxonomy":"category","embeddable":true,"href":"https:\/\/suri.templweb.com\/en\/wp-json\/wp\/v2\/categories?post=30575"},{"taxonomy":"post_tag","embeddable":true,"href":"https:\/\/suri.templweb.com\/en\/wp-json\/wp\/v2\/tags?post=30575"}],"curies":[{"name":"wp","href":"https:\/\/api.w.org\/{rel}","templated":true}]}}